{"id":16959,"date":"2026-05-04T14:21:06","date_gmt":"2026-05-04T14:21:06","guid":{"rendered":"https:\/\/dermaprexmagistral.com\/?p=16959"},"modified":"2026-05-04T14:27:14","modified_gmt":"2026-05-04T14:27:14","slug":"elementor-16959","status":"publish","type":"post","link":"https:\/\/dermaprexmagistral.com\/en\/elementor-16959\/","title":{"rendered":"Minoxidil: Una alternativa respaldada para fortalecer el crecimiento capilar"},"content":{"rendered":"<div data-elementor-type=\"wp-post\" data-elementor-id=\"16959\" class=\"elementor elementor-16959\" data-elementor-post-type=\"post\">\n\t\t\t\t<div class=\"wd-negative-gap elementor-element elementor-element-f6a52a0 e-flex e-con-boxed e-con e-parent\" data-id=\"f6a52a0\" data-element_type=\"container\" data-e-type=\"container\" data-settings=\"{&quot;ekit_has_onepagescroll_dot&quot;:&quot;yes&quot;}\">\n\t\t\t\t\t<div class=\"e-con-inner\">\n\t\t\t\t<div class=\"elementor-element elementor-element-8c67621 elementor-widget elementor-widget-html\" data-id=\"8c67621\" data-element_type=\"widget\" data-e-type=\"widget\" data-settings=\"{&quot;ekit_we_effect_on&quot;:&quot;none&quot;}\" data-widget_type=\"html.default\">\n\t\t\t\t\t<article class=\"blog-minoxidil\">\r\n\r\n  <style>\r\n    .blog-minoxidil {\r\n      font-family: Arial, sans-serif;\r\n      color: #263238;\r\n      line-height: 1.7;\r\n      max-width: 1100px;\r\n      margin: 0 auto;\r\n      padding: 20px;\r\n      background-color: #ffffff;\r\n    }\r\n\r\n    .blog-minoxidil h1,\r\n    .blog-minoxidil h2,\r\n    .blog-minoxidil h3 {\r\n      color: #027B76;\r\n      line-height: 1.3;\r\n    }\r\n\r\n    .blog-minoxidil h1 {\r\n      font-size: 42px;\r\n      margin-bottom: 20px;\r\n    }\r\n\r\n    .blog-minoxidil h2 {\r\n      font-size: 30px;\r\n      margin-top: 45px;\r\n      margin-bottom: 18px;\r\n    }\r\n\r\n    .blog-minoxidil h3 {\r\n      font-size: 22px;\r\n      margin-bottom: 10px;\r\n    }\r\n\r\n    .blog-minoxidil p {\r\n      font-size: 17px;\r\n      margin-bottom: 18px;\r\n    }\r\n\r\n    .blog-minoxidil img {\r\n      width: 100%;\r\n      border-radius: 18px;\r\n      margin: 20px 0;\r\n      display: block;\r\n    }\r\n\r\n    .hero-blog {\r\n      background: linear-gradient(135deg, #e7f7f6, #ffffff);\r\n      padding: 45px;\r\n      border-radius: 24px;\r\n      margin-bottom: 35px;\r\n    }\r\n\r\n    .hero-blog .categoria {\r\n      display: inline-block;\r\n      background-color: #027B76;\r\n      color: #ffffff;\r\n      padding: 8px 16px;\r\n      border-radius: 100px;\r\n      font-size: 14px;\r\n      margin-bottom: 18px;\r\n      font-weight: bold;\r\n    }\r\n\r\n    .intro-destacada {\r\n      font-size: 20px;\r\n      color: #455a64;\r\n      max-width: 850px;\r\n    }\r\n\r\n    .grid-beneficios {\r\n      display: grid;\r\n      grid-template-columns: repeat(3, 1fr);\r\n      gap: 22px;\r\n      margin: 35px 0;\r\n    }\r\n\r\n    .card-beneficio {\r\n      background-color: #f5fbfb;\r\n      border: 1px solid #d9eeee;\r\n      padding: 24px;\r\n      border-radius: 20px;\r\n    }\r\n\r\n    .card-beneficio h3 {\r\n      margin-top: 0;\r\n    }\r\n\r\n    .bloque-doble {\r\n      display: grid;\r\n      grid-template-columns: 1fr 1fr;\r\n      gap: 35px;\r\n      align-items: center;\r\n      margin: 45px 0;\r\n    }\r\n\r\n    .bloque-clinico {\r\n      background-color: #f7fafa;\r\n      border-left: 6px solid #027B76;\r\n      padding: 28px;\r\n      border-radius: 18px;\r\n      margin: 35px 0;\r\n    }\r\n\r\n    .tabla-comparativa {\r\n      width: 100%;\r\n      border-collapse: collapse;\r\n      margin: 30px 0;\r\n      overflow: hidden;\r\n      border-radius: 18px;\r\n    }\r\n\r\n    .tabla-comparativa th {\r\n      background-color: #027B76;\r\n      color: #ffffff;\r\n      padding: 16px;\r\n      text-align: left;\r\n    }\r\n\r\n    .tabla-comparativa td {\r\n      border: 1px solid #dbe9e8;\r\n      padding: 16px;\r\n      background-color: #ffffff;\r\n      vertical-align: top;\r\n    }\r\n\r\n    .cta-blog {\r\n      background: linear-gradient(135deg, #027B76, #20b2b2);\r\n      color: #ffffff;\r\n      padding: 40px;\r\n      border-radius: 24px;\r\n      text-align: center;\r\n      margin-top: 50px;\r\n    }\r\n\r\n    .cta-blog h2 {\r\n      color: #ffffff;\r\n      margin-top: 0;\r\n    }\r\n\r\n    .cta-blog p {\r\n      color: #ffffff;\r\n      font-size: 18px;\r\n    }\r\n\r\n    .boton-whatsapp {\r\n      display: inline-block;\r\n      background-color: #ffffff;\r\n      color: #027B76;\r\n      padding: 14px 28px;\r\n      border-radius: 100px;\r\n      text-decoration: none;\r\n      font-weight: bold;\r\n      margin-top: 15px;\r\n    }\r\n\r\n    .nota-final {\r\n      font-size: 14px;\r\n      color: #607d8b;\r\n      margin-top: 25px;\r\n    }\r\n\r\n    @media (max-width: 768px) {\r\n      .blog-minoxidil h1 {\r\n        font-size: 32px;\r\n      }\r\n\r\n      .blog-minoxidil h2 {\r\n        font-size: 25px;\r\n      }\r\n\r\n      .hero-blog {\r\n        padding: 28px;\r\n      }\r\n\r\n      .grid-beneficios,\r\n      .bloque-doble {\r\n        grid-template-columns: 1fr;\r\n      }\r\n    }\r\n  <\/style>\r\n\r\n  <!-- HERO PRINCIPAL -->\r\n  <section class=\"hero-blog\">\r\n    <span class=\"categoria\">Cuidado capilar<\/span>\r\n\r\n    <h1>Minoxidil: una alternativa respaldada para fortalecer el crecimiento capilar<\/h1>\r\n\r\n    <p class=\"intro-destacada\">\r\n      La ca\u00edda del cabello es una preocupaci\u00f3n frecuente en hombres y mujeres. Dentro de las alternativas m\u00e1s utilizadas en el cuidado capilar, el minoxidil destaca por su respaldo dermatol\u00f3gico y por su capacidad de ayudar a estimular el crecimiento del cabello en personas con fol\u00edculos activos.\r\n    <\/p>\r\n\r\n    <img decoding=\"async\" \r\n      src=\"https:\/\/dermaprexmagistral.com\/wp-content\/uploads\/2026\/05\/imagen-centra.jpg\" \r\n      alt=\"Minoxidil para fortalecer el crecimiento capilar\"\r\n    >\r\n  <\/section>\r\n\r\n  <!-- INTRODUCCI\u00d3N -->\r\n  <section>\r\n    <p>\r\n      En los \u00faltimos a\u00f1os, el cuidado capilar ha dejado de ser un tema exclusivamente est\u00e9tico para convertirse en una preocupaci\u00f3n relacionada con la confianza, la imagen personal y el bienestar. La p\u00e9rdida progresiva de densidad, el afinamiento en entradas o coronilla y la ca\u00edda persistente son se\u00f1ales que muchas personas buscan tratar de forma oportuna.\r\n    <\/p>\r\n\r\n    <p>\r\n      En este contexto, el <strong>minoxidil<\/strong> se ha posicionado como uno de los activos m\u00e1s reconocidos en dermatolog\u00eda para el abordaje de la ca\u00edda capilar, especialmente en casos de alopecia androgen\u00e9tica o p\u00e9rdida de cabello de patr\u00f3n com\u00fan.\r\n    <\/p>\r\n  <\/section>\r\n\r\n  <!-- QU\u00c9 ES -->\r\n  <section class=\"bloque-doble\">\r\n    <div>\r\n      <h2>\u00bfQu\u00e9 es el minoxidil?<\/h2>\r\n\r\n      <p>\r\n        El minoxidil es un activo utilizado en tratamientos capilares para ayudar a estimular el crecimiento del cabello y mejorar la densidad visual en zonas donde todav\u00eda existe actividad folicular.\r\n      <\/p>\r\n\r\n      <p>\r\n        Su acci\u00f3n se relaciona con el ciclo de crecimiento capilar, ayudando a que el fol\u00edculo permanezca por m\u00e1s tiempo en una fase favorable para el desarrollo del cabello.\r\n      <\/p>\r\n    <\/div>\r\n\r\n    <div>\r\n      <img decoding=\"async\" \r\n        src=\"https:\/\/dermaprexmagistral.com\/wp-content\/uploads\/2026\/05\/ChatGPT-Image-4-may-2026-09_13_35-a.m.png\" \r\n        alt=\"Explicaci\u00f3n visual del minoxidil y el crecimiento capilar\"\r\n      >\r\n    <\/div>\r\n  <\/section>\r\n\r\n  <!-- BENEFICIOS -->\r\n  <section>\r\n    <h2>Beneficios del minoxidil en el cuidado capilar<\/h2>\r\n\r\n    <p>\r\n      Cuando se utiliza de manera constante y con orientaci\u00f3n adecuada, el minoxidil puede aportar beneficios importantes dentro de una rutina capilar personalizada.\r\n    <\/p>\r\n\r\n    <div class=\"grid-beneficios\">\r\n\r\n      <div class=\"card-beneficio\">\r\n        <h3>Estimula el crecimiento capilar<\/h3>\r\n        <p>\r\n          Ayuda a promover el crecimiento de nuevos cabellos en zonas donde los fol\u00edculos a\u00fan conservan actividad.\r\n        <\/p>\r\n      <\/div>\r\n\r\n      <div class=\"card-beneficio\">\r\n        <h3>Mejora la densidad visual<\/h3>\r\n        <p>\r\n          Puede contribuir a que el cabello luzca con mayor cobertura, especialmente en etapas iniciales de p\u00e9rdida capilar.\r\n        <\/p>\r\n      <\/div>\r\n\r\n      <div class=\"card-beneficio\">\r\n        <h3>Fortalece el cabello existente<\/h3>\r\n        <p>\r\n          Favorece un entorno capilar m\u00e1s adecuado para que el cabello se mantenga con mejor apariencia, grosor y resistencia.\r\n        <\/p>\r\n      <\/div>\r\n\r\n      <div class=\"card-beneficio\">\r\n        <h3>Ayuda a desacelerar la ca\u00edda<\/h3>\r\n        <p>\r\n          Su uso constante puede contribuir a reducir la progresi\u00f3n de la p\u00e9rdida capilar en determinados casos.\r\n        <\/p>\r\n      <\/div>\r\n\r\n      <div class=\"card-beneficio\">\r\n        <h3>Puede adaptarse a cada rutina<\/h3>\r\n        <p>\r\n          Existen presentaciones como loci\u00f3n capilar o c\u00e1psulas, lo que permite elegir una alternativa seg\u00fan la necesidad de cada persona.\r\n        <\/p>\r\n      <\/div>\r\n\r\n      <div class=\"card-beneficio\">\r\n        <h3>Cuenta con respaldo dermatol\u00f3gico<\/h3>\r\n        <p>\r\n          Es uno de los activos m\u00e1s utilizados en tratamientos capilares por su trayectoria y evidencia en el abordaje de la ca\u00edda del cabello.\r\n        <\/p>\r\n      <\/div>\r\n\r\n    <\/div>\r\n  <\/section>\r\n\r\n  <!-- LOCI\u00d3N -->\r\n  <section class=\"bloque-doble\">\r\n    <div>\r\n      <img decoding=\"async\" \r\n        src=\"https:\/\/dermaprexmagistral.com\/wp-content\/uploads\/2026\/05\/CREZE-MAX-EXTRA-3.jpg\" \r\n        alt=\"Loci\u00f3n capilar con minoxidil para cuidado del cuero cabelludo\"\r\n      >\r\n    <\/div>\r\n\r\n    <div>\r\n      <h2>Minoxidil en loci\u00f3n capilar<\/h2>\r\n\r\n      <p>\r\n        La loci\u00f3n capilar es una de las presentaciones m\u00e1s conocidas del minoxidil. Se aplica directamente sobre el cuero cabelludo, permitiendo trabajar de manera localizada en zonas como entradas, coronilla o \u00e1reas con p\u00e9rdida de densidad.\r\n      <\/p>\r\n\r\n      <p>\r\n        Esta presentaci\u00f3n suele ser una alternativa pr\u00e1ctica para quienes buscan incorporar un tratamiento t\u00f3pico dentro de su rutina diaria de cuidado capilar.\r\n      <\/p>\r\n    <\/div>\r\n  <\/section>\r\n\r\n  <!-- C\u00c1PSULAS -->\r\n  <section class=\"bloque-doble\">\r\n    <div>\r\n      <h2>Minoxidil en c\u00e1psulas<\/h2>\r\n\r\n      <p>\r\n        El minoxidil en c\u00e1psulas es una alternativa que puede ser considerada en casos seleccionados, siempre bajo orientaci\u00f3n profesional. Su uso permite una administraci\u00f3n pr\u00e1ctica y puede formar parte de un abordaje capilar personalizado.\r\n      <\/p>\r\n\r\n      <p>\r\n        Esta presentaci\u00f3n suele ser valorada por personas que buscan una rutina m\u00e1s sencilla o que requieren una alternativa distinta a la aplicaci\u00f3n t\u00f3pica.\r\n      <\/p>\r\n    <\/div>\r\n\r\n    <div>\r\n      <img decoding=\"async\" \r\n        src=\"https:\/\/dermaprexmagistral.com\/wp-content\/uploads\/2026\/05\/minoxidil-5.jpg\" \r\n        alt=\"C\u00e1psulas de minoxidil para tratamiento capilar personalizado\"\r\n      >\r\n    <\/div>\r\n  <\/section>\r\n\r\n  <!-- COMPARATIVA -->\r\n  <section>\r\n    <h2>Loci\u00f3n capilar vs c\u00e1psulas: \u00bfcu\u00e1l elegir?<\/h2>\r\n\r\n    <p>\r\n      No existe una \u00fanica presentaci\u00f3n ideal para todos los casos. La elecci\u00f3n depender\u00e1 del tipo de ca\u00edda capilar, la rutina de la persona, la constancia de uso y la evaluaci\u00f3n profesional.\r\n    <\/p>\r\n\r\n    <table class=\"tabla-comparativa\">\r\n      <thead>\r\n        <tr>\r\n          <th>Presentaci\u00f3n<\/th>\r\n          <th>Caracter\u00edsticas<\/th>\r\n          <th>Ideal para<\/th>\r\n        <\/tr>\r\n      <\/thead>\r\n\r\n      <tbody>\r\n        <tr>\r\n          <td><strong>Loci\u00f3n capilar<\/strong><\/td>\r\n          <td>\r\n            Aplicaci\u00f3n directa sobre el cuero cabelludo. Permite trabajar zonas espec\u00edficas como entradas, coronilla o \u00e1reas con menor densidad.\r\n          <\/td>\r\n          <td>\r\n            Personas que buscan una alternativa t\u00f3pica y localizada dentro de su rutina capilar.\r\n          <\/td>\r\n        <\/tr>\r\n\r\n        <tr>\r\n          <td><strong>C\u00e1psulas<\/strong><\/td>\r\n          <td>\r\n            Presentaci\u00f3n oral de uso pr\u00e1ctico, considerada en casos seleccionados bajo orientaci\u00f3n profesional.\r\n          <\/td>\r\n          <td>\r\n            Personas que requieren una rutina m\u00e1s sencilla o un abordaje capilar personalizado.\r\n          <\/td>\r\n        <\/tr>\r\n      <\/tbody>\r\n    <\/table>\r\n  <\/section>\r\n\r\n  <!-- RESPALDO -->\r\n  <section class=\"bloque-clinico\">\r\n    <h2>Un activo con respaldo en el cuidado capilar<\/h2>\r\n\r\n    <p>\r\n      El minoxidil cuenta con una trayectoria importante dentro del cuidado capilar. Instituciones dermatol\u00f3gicas reconocidas se\u00f1alan que puede ayudar en etapas tempranas de p\u00e9rdida capilar, favorecer el crecimiento y desacelerar la ca\u00edda cuando se utiliza con constancia.\r\n    <\/p>\r\n\r\n    <p>\r\n      Adem\u00e1s, estudios cl\u00ednicos han evaluado distintas presentaciones de minoxidil, reforzando su importancia como alternativa dentro de los tratamientos para alopecia androgen\u00e9tica.\r\n    <\/p>\r\n  <\/section>\r\n\r\n  <!-- RESULTADOS -->\r\n  <section>\r\n    <h2>La constancia es clave para ver resultados<\/h2>\r\n\r\n    <p>\r\n      El cuidado capilar requiere tiempo. Los resultados del minoxidil no suelen observarse de inmediato, ya que el cabello atraviesa ciclos naturales de crecimiento. Por ello, la constancia y el seguimiento son fundamentales para evaluar su evoluci\u00f3n.\r\n    <\/p>\r\n\r\n    <p>\r\n      En muchos casos, los primeros cambios pueden apreciarse despu\u00e9s de varios meses de uso continuo. La respuesta puede variar seg\u00fan el tipo de ca\u00edda, el estado del cuero cabelludo y el nivel de avance de la p\u00e9rdida capilar.\r\n    <\/p>\r\n  <\/section>\r\n\r\n  <!-- CIERRE -->\r\n  <section>\r\n    <h2>Conclusi\u00f3n<\/h2>\r\n\r\n    <p>\r\n      El minoxidil, ya sea en loci\u00f3n capilar o en c\u00e1psulas bajo orientaci\u00f3n profesional, representa una alternativa importante para quienes buscan fortalecer el crecimiento del cabello, mejorar la densidad visual y cuidar el cuero cabelludo de manera m\u00e1s personalizada.\r\n    <\/p>\r\n\r\n    <p>\r\n      Su mayor valor est\u00e1 en combinar respaldo dermatol\u00f3gico, constancia y una evaluaci\u00f3n adecuada para elegir la presentaci\u00f3n m\u00e1s conveniente seg\u00fan cada caso.\r\n    <\/p>\r\n  <\/section>\r\n\r\n  <!-- CTA -->\r\n  <section class=\"cta-blog\">\r\n    <h2>\u00bfNotas ca\u00edda persistente o afinamiento del cabello?<\/h2>\r\n\r\n    <p>\r\n      En Derma Prex podemos orientarte con f\u00f3rmulas magistrales capilares elaboradas seg\u00fan tus necesidades y tipo de ca\u00edda.\r\n    <\/p>\r\n\r\n    <a class=\"boton-whatsapp\" href=\"https:\/\/wa.me\/51908918439\" target=\"_blank\" rel=\"noopener\">\r\n      Solicitar asesor\u00eda por WhatsApp\r\n    <\/a>\r\n  <\/section>\r\n\r\n  <p class=\"nota-final\">\r\n    Nota: La informaci\u00f3n de este art\u00edculo es educativa y no reemplaza una evaluaci\u00f3n profesional. La elecci\u00f3n de una f\u00f3rmula capilar debe realizarse seg\u00fan las necesidades de cada persona.\r\n  <\/p>\r\n\r\n<\/article>\t\t\t\t<\/div>\n\t\t\t\t\t<\/div>\n\t\t\t\t<\/div>\n\t\t\t\t<\/div>","protected":false},"excerpt":{"rendered":"<p>Cuidado capilar Minoxidil: una alternativa respaldada para fortalecer el crecimiento capilar La ca\u00edda del cabello es una preocupaci\u00f3n frecuente en<\/p>","protected":false},"author":1,"featured_media":16968,"comment_status":"open","ping_status":"open","sticky":false,"template":"","format":"standard","meta":{"_acf_changed":false,"footnotes":""},"categories":[1],"tags":[],"class_list":["post-16959","post","type-post","status-publish","format-standard","has-post-thumbnail","hentry","category-uncategorized"],"acf":[],"_links":{"self":[{"href":"https:\/\/dermaprexmagistral.com\/en\/wp-json\/wp\/v2\/posts\/16959","targetHints":{"allow":["GET"]}}],"collection":[{"href":"https:\/\/dermaprexmagistral.com\/en\/wp-json\/wp\/v2\/posts"}],"about":[{"href":"https:\/\/dermaprexmagistral.com\/en\/wp-json\/wp\/v2\/types\/post"}],"author":[{"embeddable":true,"href":"https:\/\/dermaprexmagistral.com\/en\/wp-json\/wp\/v2\/users\/1"}],"replies":[{"embeddable":true,"href":"https:\/\/dermaprexmagistral.com\/en\/wp-json\/wp\/v2\/comments?post=16959"}],"version-history":[{"count":5,"href":"https:\/\/dermaprexmagistral.com\/en\/wp-json\/wp\/v2\/posts\/16959\/revisions"}],"predecessor-version":[{"id":16969,"href":"https:\/\/dermaprexmagistral.com\/en\/wp-json\/wp\/v2\/posts\/16959\/revisions\/16969"}],"wp:featuredmedia":[{"embeddable":true,"href":"https:\/\/dermaprexmagistral.com\/en\/wp-json\/wp\/v2\/media\/16968"}],"wp:attachment":[{"href":"https:\/\/dermaprexmagistral.com\/en\/wp-json\/wp\/v2\/media?parent=16959"}],"wp:term":[{"taxonomy":"category","embeddable":true,"href":"https:\/\/dermaprexmagistral.com\/en\/wp-json\/wp\/v2\/categories?post=16959"},{"taxonomy":"post_tag","embeddable":true,"href":"https:\/\/dermaprexmagistral.com\/en\/wp-json\/wp\/v2\/tags?post=16959"}],"curies":[{"name":"wp","href":"https:\/\/api.w.org\/{rel}","templated":true}]}}